{"id":5607,"date":"2022-03-12T17:03:42","date_gmt":"2022-03-12T17:03:42","guid":{"rendered":"https:\/\/ecole-de-parapente-des-arcs.com\/dernieres-infos-pilotes-epda\/"},"modified":"2024-03-27T21:47:17","modified_gmt":"2024-03-27T21:47:17","slug":"dernieres-infos-pilotes-epda","status":"publish","type":"post","link":"https:\/\/ecole-de-parapente-des-arcs.com\/en\/dernieres-infos-pilotes-epda\/","title":{"rendered":"Last news EPDA pilots"},"content":{"rendered":"<p>Hello everyone,<\/p>\n<p>&nbsp;<\/p>\n<p>Here are some updates on our courses:<\/p>\n<p>&nbsp;<\/p>\n<p>The first beginner course will start on April 24th, there are still spots available if you have friends who want to train, two options:<\/p>\n<p>&nbsp;<\/p>\n<p>1. Classic<\/p>\n<p>&nbsp;<\/p>\n<p>2. <a href=\"https:\/\/ecole-de-parapente-des-arcs.com\/en\/produit\/stage-mono-surface\/\">Ultra light mountain<\/a> (light wing, light harness, light parachute)<br \/>\nThe following week is already full.<\/p>\n<p>&nbsp;<\/p>\n<p>The thermal flying &amp; wind play course on June 12th is already full, so we are going to offer another one from June 26th to 30th, which will also be an opportunity to prepare and take the pilot&#8217;s license exam.<\/p>\n<p>&nbsp;<\/p>\n<p>We also offer an improvement course from May 29th to June 2nd with the initial license exam for those who haven&#8217;t taken it yet.<\/p>\n<p>&nbsp;<\/p>\n<p>We will be receiving the Air Design demo gliders by early April, we already have the light models Easy 2 SL, Susi 3, UFO 2, contact me for a test flight, also available are the BGD gliders (Magic, Base 2 light&#8230;) and Niviuk especially the new Kode (Ultra light Mountain)<\/p>\n<p>&nbsp;<\/p>\n<p>We will also have Nivuik Roamer 2 light reversible harnesses and the new Sup\u2019air Radical 4 (with airbag and integrated parachute pocket), the Altirando light available in all sizes.<\/p>\n<p>&nbsp;<\/p>\n<p>If you&#8217;re going flying this spring, be careful, the conditions are already very strong, we have early March conditions like in April, choose your flying times according to your level.<\/p>\n<p>&nbsp;<\/p>\n<p>&nbsp;<\/p>\n<p>See you soon in the air.<\/p>\n","protected":false},"excerpt":{"rendered":"<p>Hello everyone, &nbsp; Here are some updates on our courses: &nbsp; The first beginner course will start on April 24th, there are still spots available if you have friends who want to train, two options: &nbsp; 1. Classic &nbsp; 2. Ultra light mountain (light wing, light harness, light parachute) The following week is already full. [&hellip;]<\/p>\n","protected":false},"author":3,"featured_media":5319,"comment_status":"closed","ping_status":"closed","sticky":false,"template":"","format":"standard","meta":{"_acf_changed":false,"footnotes":""},"categories":[135],"tags":[],"class_list":["post-5607","post","type-post","status-publish","format-standard","has-post-thumbnail","hentry","category-actus"],"acf":[],"yoast_head":"<!-- This site is optimized with the Yoast SEO plugin v27.3 - https:\/\/yoast.com\/product\/yoast-seo-wordpress\/ -->\n<title>Last news EPDA pilots - \u00c9cole de parapente des Arcs<\/title>\n<meta name=\"description\" content=\"Les stages parapente d&#039;initiation et de perfectionnement reprennent d\u00e9s le 24 avril. Parapente \u00e0 Bourg saint Maurice, les arcs, la plagne.\" \/>\n<meta name=\"robots\" content=\"index, follow, max-snippet:-1, max-image-preview:large, max-video-preview:-1\" \/>\n<link rel=\"canonical\" href=\"https:\/\/ecole-de-parapente-des-arcs.com\/en\/dernieres-infos-pilotes-epda\/\" \/>\n<meta property=\"og:locale\" content=\"en_US\" \/>\n<meta property=\"og:type\" content=\"article\" \/>\n<meta property=\"og:title\" content=\"Last news EPDA pilots - \u00c9cole de parapente des Arcs\" \/>\n<meta property=\"og:description\" content=\"Les stages parapente d&#039;initiation et de perfectionnement reprennent d\u00e9s le 24 avril. Parapente \u00e0 Bourg saint Maurice, les arcs, la plagne.\" \/>\n<meta property=\"og:url\" content=\"https:\/\/ecole-de-parapente-des-arcs.com\/en\/dernieres-infos-pilotes-epda\/\" \/>\n<meta property=\"og:site_name\" content=\"\u00c9cole de parapente des Arcs\" \/>\n<meta property=\"article:published_time\" content=\"2022-03-12T17:03:42+00:00\" \/>\n<meta property=\"article:modified_time\" content=\"2024-03-27T21:47:17+00:00\" \/>\n<meta property=\"og:image\" content=\"https:\/\/ecole-de-parapente-des-arcs.com\/wp-content\/uploads\/2022\/03\/P1170321-scaled.jpg\" \/>\n\t<meta property=\"og:image:width\" content=\"2000\" \/>\n\t<meta property=\"og:image:height\" content=\"1500\" \/>\n\t<meta property=\"og:image:type\" content=\"image\/jpeg\" \/>\n<meta name=\"author\" content=\"Philippe\" \/>\n<meta name=\"twitter:card\" content=\"summary_large_image\" \/>\n<meta name=\"twitter:label1\" content=\"Written by\" \/>\n\t<meta name=\"twitter:data1\" content=\"Philippe\" \/>\n\t<meta name=\"twitter:label2\" content=\"Est. reading time\" \/>\n\t<meta name=\"twitter:data2\" content=\"2 minutes\" \/>\n<script type=\"application\/ld+json\" class=\"yoast-schema-graph\">{\"@context\":\"https:\\\/\\\/schema.org\",\"@graph\":[{\"@type\":\"Article\",\"@id\":\"https:\\\/\\\/ecole-de-parapente-des-arcs.com\\\/en\\\/dernieres-infos-pilotes-epda\\\/#article\",\"isPartOf\":{\"@id\":\"https:\\\/\\\/ecole-de-parapente-des-arcs.com\\\/en\\\/dernieres-infos-pilotes-epda\\\/\"},\"author\":{\"name\":\"Philippe\",\"@id\":\"https:\\\/\\\/ecole-de-parapente-des-arcs.com\\\/#\\\/schema\\\/person\\\/9d9a85f3644a26f31277c1016a0068c7\"},\"headline\":\"Last news EPDA pilots\",\"datePublished\":\"2022-03-12T17:03:42+00:00\",\"dateModified\":\"2024-03-27T21:47:17+00:00\",\"mainEntityOfPage\":{\"@id\":\"https:\\\/\\\/ecole-de-parapente-des-arcs.com\\\/en\\\/dernieres-infos-pilotes-epda\\\/\"},\"wordCount\":238,\"image\":{\"@id\":\"https:\\\/\\\/ecole-de-parapente-des-arcs.com\\\/en\\\/dernieres-infos-pilotes-epda\\\/#primaryimage\"},\"thumbnailUrl\":\"https:\\\/\\\/ecole-de-parapente-des-arcs.com\\\/wp-content\\\/uploads\\\/2022\\\/03\\\/P1170321-scaled.jpg\",\"articleSection\":[\"News\"],\"inLanguage\":\"en-US\"},{\"@type\":\"WebPage\",\"@id\":\"https:\\\/\\\/ecole-de-parapente-des-arcs.com\\\/en\\\/dernieres-infos-pilotes-epda\\\/\",\"url\":\"https:\\\/\\\/ecole-de-parapente-des-arcs.com\\\/en\\\/dernieres-infos-pilotes-epda\\\/\",\"name\":\"Last news EPDA pilots - \u00c9cole de parapente des Arcs\",\"isPartOf\":{\"@id\":\"https:\\\/\\\/ecole-de-parapente-des-arcs.com\\\/#website\"},\"primaryImageOfPage\":{\"@id\":\"https:\\\/\\\/ecole-de-parapente-des-arcs.com\\\/en\\\/dernieres-infos-pilotes-epda\\\/#primaryimage\"},\"image\":{\"@id\":\"https:\\\/\\\/ecole-de-parapente-des-arcs.com\\\/en\\\/dernieres-infos-pilotes-epda\\\/#primaryimage\"},\"thumbnailUrl\":\"https:\\\/\\\/ecole-de-parapente-des-arcs.com\\\/wp-content\\\/uploads\\\/2022\\\/03\\\/P1170321-scaled.jpg\",\"datePublished\":\"2022-03-12T17:03:42+00:00\",\"dateModified\":\"2024-03-27T21:47:17+00:00\",\"author\":{\"@id\":\"https:\\\/\\\/ecole-de-parapente-des-arcs.com\\\/#\\\/schema\\\/person\\\/9d9a85f3644a26f31277c1016a0068c7\"},\"description\":\"Les stages parapente d'initiation et de perfectionnement reprennent d\u00e9s le 24 avril. Parapente \u00e0 Bourg saint Maurice, les arcs, la plagne.\",\"breadcrumb\":{\"@id\":\"https:\\\/\\\/ecole-de-parapente-des-arcs.com\\\/en\\\/dernieres-infos-pilotes-epda\\\/#breadcrumb\"},\"inLanguage\":\"en-US\",\"potentialAction\":[{\"@type\":\"ReadAction\",\"target\":[\"https:\\\/\\\/ecole-de-parapente-des-arcs.com\\\/en\\\/dernieres-infos-pilotes-epda\\\/\"]}]},{\"@type\":\"ImageObject\",\"inLanguage\":\"en-US\",\"@id\":\"https:\\\/\\\/ecole-de-parapente-des-arcs.com\\\/en\\\/dernieres-infos-pilotes-epda\\\/#primaryimage\",\"url\":\"https:\\\/\\\/ecole-de-parapente-des-arcs.com\\\/wp-content\\\/uploads\\\/2022\\\/03\\\/P1170321-scaled.jpg\",\"contentUrl\":\"https:\\\/\\\/ecole-de-parapente-des-arcs.com\\\/wp-content\\\/uploads\\\/2022\\\/03\\\/P1170321-scaled.jpg\",\"width\":2000,\"height\":1500},{\"@type\":\"BreadcrumbList\",\"@id\":\"https:\\\/\\\/ecole-de-parapente-des-arcs.com\\\/en\\\/dernieres-infos-pilotes-epda\\\/#breadcrumb\",\"itemListElement\":[{\"@type\":\"ListItem\",\"position\":1,\"name\":\"Home\",\"item\":\"https:\\\/\\\/ecole-de-parapente-des-arcs.com\\\/en\\\/\"},{\"@type\":\"ListItem\",\"position\":2,\"name\":\"Last news EPDA pilots\"}]},{\"@type\":\"WebSite\",\"@id\":\"https:\\\/\\\/ecole-de-parapente-des-arcs.com\\\/#website\",\"url\":\"https:\\\/\\\/ecole-de-parapente-des-arcs.com\\\/\",\"name\":\"\u00c9cole de parapente des Arcs\",\"description\":\"\u00c9cole de parapente des Arcs\",\"potentialAction\":[{\"@type\":\"SearchAction\",\"target\":{\"@type\":\"EntryPoint\",\"urlTemplate\":\"https:\\\/\\\/ecole-de-parapente-des-arcs.com\\\/?s={search_term_string}\"},\"query-input\":{\"@type\":\"PropertyValueSpecification\",\"valueRequired\":true,\"valueName\":\"search_term_string\"}}],\"inLanguage\":\"en-US\"},{\"@type\":\"Person\",\"@id\":\"https:\\\/\\\/ecole-de-parapente-des-arcs.com\\\/#\\\/schema\\\/person\\\/9d9a85f3644a26f31277c1016a0068c7\",\"name\":\"Philippe\",\"image\":{\"@type\":\"ImageObject\",\"inLanguage\":\"en-US\",\"@id\":\"https:\\\/\\\/secure.gravatar.com\\\/avatar\\\/5a1685bb9cbe788b315c07eab01dc6b615884b99763437da89bc0d9c1666905a?s=96&d=mm&r=g\",\"url\":\"https:\\\/\\\/secure.gravatar.com\\\/avatar\\\/5a1685bb9cbe788b315c07eab01dc6b615884b99763437da89bc0d9c1666905a?s=96&d=mm&r=g\",\"contentUrl\":\"https:\\\/\\\/secure.gravatar.com\\\/avatar\\\/5a1685bb9cbe788b315c07eab01dc6b615884b99763437da89bc0d9c1666905a?s=96&d=mm&r=g\",\"caption\":\"Philippe\"}}]}<\/script>\n<!-- \/ Yoast SEO plugin. -->","yoast_head_json":{"title":"Last news EPDA pilots - \u00c9cole de parapente des Arcs","description":"Les stages parapente d'initiation et de perfectionnement reprennent d\u00e9s le 24 avril. Parapente \u00e0 Bourg saint Maurice, les arcs, la plagne.","robots":{"index":"index","follow":"follow","max-snippet":"max-snippet:-1","max-image-preview":"max-image-preview:large","max-video-preview":"max-video-preview:-1"},"canonical":"https:\/\/ecole-de-parapente-des-arcs.com\/en\/dernieres-infos-pilotes-epda\/","og_locale":"en_US","og_type":"article","og_title":"Last news EPDA pilots - \u00c9cole de parapente des Arcs","og_description":"Les stages parapente d'initiation et de perfectionnement reprennent d\u00e9s le 24 avril. Parapente \u00e0 Bourg saint Maurice, les arcs, la plagne.","og_url":"https:\/\/ecole-de-parapente-des-arcs.com\/en\/dernieres-infos-pilotes-epda\/","og_site_name":"\u00c9cole de parapente des Arcs","article_published_time":"2022-03-12T17:03:42+00:00","article_modified_time":"2024-03-27T21:47:17+00:00","og_image":[{"width":2000,"height":1500,"url":"https:\/\/ecole-de-parapente-des-arcs.com\/wp-content\/uploads\/2022\/03\/P1170321-scaled.jpg","type":"image\/jpeg"}],"author":"Philippe","twitter_card":"summary_large_image","twitter_misc":{"Written by":"Philippe","Est. reading time":"2 minutes"},"schema":{"@context":"https:\/\/schema.org","@graph":[{"@type":"Article","@id":"https:\/\/ecole-de-parapente-des-arcs.com\/en\/dernieres-infos-pilotes-epda\/#article","isPartOf":{"@id":"https:\/\/ecole-de-parapente-des-arcs.com\/en\/dernieres-infos-pilotes-epda\/"},"author":{"name":"Philippe","@id":"https:\/\/ecole-de-parapente-des-arcs.com\/#\/schema\/person\/9d9a85f3644a26f31277c1016a0068c7"},"headline":"Last news EPDA pilots","datePublished":"2022-03-12T17:03:42+00:00","dateModified":"2024-03-27T21:47:17+00:00","mainEntityOfPage":{"@id":"https:\/\/ecole-de-parapente-des-arcs.com\/en\/dernieres-infos-pilotes-epda\/"},"wordCount":238,"image":{"@id":"https:\/\/ecole-de-parapente-des-arcs.com\/en\/dernieres-infos-pilotes-epda\/#primaryimage"},"thumbnailUrl":"https:\/\/ecole-de-parapente-des-arcs.com\/wp-content\/uploads\/2022\/03\/P1170321-scaled.jpg","articleSection":["News"],"inLanguage":"en-US"},{"@type":"WebPage","@id":"https:\/\/ecole-de-parapente-des-arcs.com\/en\/dernieres-infos-pilotes-epda\/","url":"https:\/\/ecole-de-parapente-des-arcs.com\/en\/dernieres-infos-pilotes-epda\/","name":"Last news EPDA pilots - \u00c9cole de parapente des Arcs","isPartOf":{"@id":"https:\/\/ecole-de-parapente-des-arcs.com\/#website"},"primaryImageOfPage":{"@id":"https:\/\/ecole-de-parapente-des-arcs.com\/en\/dernieres-infos-pilotes-epda\/#primaryimage"},"image":{"@id":"https:\/\/ecole-de-parapente-des-arcs.com\/en\/dernieres-infos-pilotes-epda\/#primaryimage"},"thumbnailUrl":"https:\/\/ecole-de-parapente-des-arcs.com\/wp-content\/uploads\/2022\/03\/P1170321-scaled.jpg","datePublished":"2022-03-12T17:03:42+00:00","dateModified":"2024-03-27T21:47:17+00:00","author":{"@id":"https:\/\/ecole-de-parapente-des-arcs.com\/#\/schema\/person\/9d9a85f3644a26f31277c1016a0068c7"},"description":"Les stages parapente d'initiation et de perfectionnement reprennent d\u00e9s le 24 avril. Parapente \u00e0 Bourg saint Maurice, les arcs, la plagne.","breadcrumb":{"@id":"https:\/\/ecole-de-parapente-des-arcs.com\/en\/dernieres-infos-pilotes-epda\/#breadcrumb"},"inLanguage":"en-US","potentialAction":[{"@type":"ReadAction","target":["https:\/\/ecole-de-parapente-des-arcs.com\/en\/dernieres-infos-pilotes-epda\/"]}]},{"@type":"ImageObject","inLanguage":"en-US","@id":"https:\/\/ecole-de-parapente-des-arcs.com\/en\/dernieres-infos-pilotes-epda\/#primaryimage","url":"https:\/\/ecole-de-parapente-des-arcs.com\/wp-content\/uploads\/2022\/03\/P1170321-scaled.jpg","contentUrl":"https:\/\/ecole-de-parapente-des-arcs.com\/wp-content\/uploads\/2022\/03\/P1170321-scaled.jpg","width":2000,"height":1500},{"@type":"BreadcrumbList","@id":"https:\/\/ecole-de-parapente-des-arcs.com\/en\/dernieres-infos-pilotes-epda\/#breadcrumb","itemListElement":[{"@type":"ListItem","position":1,"name":"Home","item":"https:\/\/ecole-de-parapente-des-arcs.com\/en\/"},{"@type":"ListItem","position":2,"name":"Last news EPDA pilots"}]},{"@type":"WebSite","@id":"https:\/\/ecole-de-parapente-des-arcs.com\/#website","url":"https:\/\/ecole-de-parapente-des-arcs.com\/","name":"\u00c9cole de parapente des Arcs","description":"\u00c9cole de parapente des Arcs","potentialAction":[{"@type":"SearchAction","target":{"@type":"EntryPoint","urlTemplate":"https:\/\/ecole-de-parapente-des-arcs.com\/?s={search_term_string}"},"query-input":{"@type":"PropertyValueSpecification","valueRequired":true,"valueName":"search_term_string"}}],"inLanguage":"en-US"},{"@type":"Person","@id":"https:\/\/ecole-de-parapente-des-arcs.com\/#\/schema\/person\/9d9a85f3644a26f31277c1016a0068c7","name":"Philippe","image":{"@type":"ImageObject","inLanguage":"en-US","@id":"https:\/\/secure.gravatar.com\/avatar\/5a1685bb9cbe788b315c07eab01dc6b615884b99763437da89bc0d9c1666905a?s=96&d=mm&r=g","url":"https:\/\/secure.gravatar.com\/avatar\/5a1685bb9cbe788b315c07eab01dc6b615884b99763437da89bc0d9c1666905a?s=96&d=mm&r=g","contentUrl":"https:\/\/secure.gravatar.com\/avatar\/5a1685bb9cbe788b315c07eab01dc6b615884b99763437da89bc0d9c1666905a?s=96&d=mm&r=g","caption":"Philippe"}}]}},"_links":{"self":[{"href":"https:\/\/ecole-de-parapente-des-arcs.com\/en\/wp-json\/wp\/v2\/posts\/5607","targetHints":{"allow":["GET"]}}],"collection":[{"href":"https:\/\/ecole-de-parapente-des-arcs.com\/en\/wp-json\/wp\/v2\/posts"}],"about":[{"href":"https:\/\/ecole-de-parapente-des-arcs.com\/en\/wp-json\/wp\/v2\/types\/post"}],"author":[{"embeddable":true,"href":"https:\/\/ecole-de-parapente-des-arcs.com\/en\/wp-json\/wp\/v2\/users\/3"}],"replies":[{"embeddable":true,"href":"https:\/\/ecole-de-parapente-des-arcs.com\/en\/wp-json\/wp\/v2\/comments?post=5607"}],"version-history":[{"count":2,"href":"https:\/\/ecole-de-parapente-des-arcs.com\/en\/wp-json\/wp\/v2\/posts\/5607\/revisions"}],"predecessor-version":[{"id":5608,"href":"https:\/\/ecole-de-parapente-des-arcs.com\/en\/wp-json\/wp\/v2\/posts\/5607\/revisions\/5608"}],"wp:featuredmedia":[{"embeddable":true,"href":"https:\/\/ecole-de-parapente-des-arcs.com\/en\/wp-json\/wp\/v2\/media\/5319"}],"wp:attachment":[{"href":"https:\/\/ecole-de-parapente-des-arcs.com\/en\/wp-json\/wp\/v2\/media?parent=5607"}],"wp:term":[{"taxonomy":"category","embeddable":true,"href":"https:\/\/ecole-de-parapente-des-arcs.com\/en\/wp-json\/wp\/v2\/categories?post=5607"},{"taxonomy":"post_tag","embeddable":true,"href":"https:\/\/ecole-de-parapente-des-arcs.com\/en\/wp-json\/wp\/v2\/tags?post=5607"}],"curies":[{"name":"wp","href":"https:\/\/api.w.org\/{rel}","templated":true}]}}